{"id":295,"date":"2023-12-22T15:44:59","date_gmt":"2023-12-22T14:44:59","guid":{"rendered":"https:\/\/supap-fsu.com\/?p=295"},"modified":"2025-07-25T12:28:49","modified_gmt":"2025-07-25T10:28:49","slug":"le-conge-de-maladie-ordinaire","status":"publish","type":"post","link":"https:\/\/supap-fsu.com\/index.php\/2023\/12\/22\/le-conge-de-maladie-ordinaire\/","title":{"rendered":"Le Cong\u00e9 de Maladie Ordinaire"},"content":{"rendered":"\n<figure class=\"wp-block-image size-large\"><img loading=\"lazy\" decoding=\"async\" width=\"706\" height=\"1024\" src=\"https:\/\/supap-fsu.com\/wp-content\/uploads\/2023\/12\/Screenshot-2025-07-25-at-12-27-23-FLYER-Conges-maladie-ordinaire-corrige-juillet-2025.pub_.pdf-706x1024.png\" alt=\"\" class=\"wp-image-1248\" srcset=\"https:\/\/supap-fsu.com\/wp-content\/uploads\/2023\/12\/Screenshot-2025-07-25-at-12-27-23-FLYER-Conges-maladie-ordinaire-corrige-juillet-2025.pub_.pdf-706x1024.png 706w, https:\/\/supap-fsu.com\/wp-content\/uploads\/2023\/12\/Screenshot-2025-07-25-at-12-27-23-FLYER-Conges-maladie-ordinaire-corrige-juillet-2025.pub_.pdf-207x300.png 207w, https:\/\/supap-fsu.com\/wp-content\/uploads\/2023\/12\/Screenshot-2025-07-25-at-12-27-23-FLYER-Conges-maladie-ordinaire-corrige-juillet-2025.pub_.pdf.png 745w\" sizes=\"auto, (max-width: 706px) 100vw, 706px\" \/><\/figure>\n\n\n\n<div class=\"wp-block-file\"><a id=\"wp-block-file--media-c71c14d4-9738-45f2-8a23-4830a49b4609\" href=\"https:\/\/supap-fsu.com\/wp-content\/uploads\/2023\/12\/FLYER-Conges-maladie-ordinaire-corrige-juillet-2025.pub_.pdf\">FLYER Cong\u00e9s maladie ordinaire corrig\u00e9 juillet 2025.pub<\/a><a href=\"https:\/\/supap-fsu.com\/wp-content\/uploads\/2023\/12\/FLYER-Conges-maladie-ordinaire-corrige-juillet-2025.pub_.pdf\" class=\"wp-block-file__button wp-element-button\" download aria-describedby=\"wp-block-file--media-c71c14d4-9738-45f2-8a23-4830a49b4609\">T\u00e9l\u00e9charger<\/a><\/div>\n\n\n\n<p class=\"has-text-align-center has-medium-font-size\"><strong>N&rsquo;h\u00e9sitez pas \u00e0 nous contacter pour toutes questions compl\u00e9mentaires<\/strong><\/p>\n","protected":false},"excerpt":{"rendered":"<div class=\"mh-excerpt\"><p>N&rsquo;h\u00e9sitez pas \u00e0 nous contacter pour toutes questions compl\u00e9mentaires<\/p>\n<\/div>","protected":false},"author":1,"featured_media":303,"comment_status":"closed","ping_status":"closed","sticky":false,"template":"","format":"standard","meta":{"footnotes":""},"categories":[37,3,8],"tags":[],"class_list":["post-295","post","type-post","status-publish","format-standard","has-post-thumbnail","hentry","category-cmo","category-droits","category-conge-maladie"],"_links":{"self":[{"href":"https:\/\/supap-fsu.com\/index.php\/wp-json\/wp\/v2\/posts\/295","targetHints":{"allow":["GET"]}}],"collection":[{"href":"https:\/\/supap-fsu.com\/index.php\/wp-json\/wp\/v2\/posts"}],"about":[{"href":"https:\/\/supap-fsu.com\/index.php\/wp-json\/wp\/v2\/types\/post"}],"author":[{"embeddable":true,"href":"https:\/\/supap-fsu.com\/index.php\/wp-json\/wp\/v2\/users\/1"}],"replies":[{"embeddable":true,"href":"https:\/\/supap-fsu.com\/index.php\/wp-json\/wp\/v2\/comments?post=295"}],"version-history":[{"count":6,"href":"https:\/\/supap-fsu.com\/index.php\/wp-json\/wp\/v2\/posts\/295\/revisions"}],"predecessor-version":[{"id":1251,"href":"https:\/\/supap-fsu.com\/index.php\/wp-json\/wp\/v2\/posts\/295\/revisions\/1251"}],"wp:featuredmedia":[{"embeddable":true,"href":"https:\/\/supap-fsu.com\/index.php\/wp-json\/wp\/v2\/media\/303"}],"wp:attachment":[{"href":"https:\/\/supap-fsu.com\/index.php\/wp-json\/wp\/v2\/media?parent=295"}],"wp:term":[{"taxonomy":"category","embeddable":true,"href":"https:\/\/supap-fsu.com\/index.php\/wp-json\/wp\/v2\/categories?post=295"},{"taxonomy":"post_tag","embeddable":true,"href":"https:\/\/supap-fsu.com\/index.php\/wp-json\/wp\/v2\/tags?post=295"}],"curies":[{"name":"wp","href":"https:\/\/api.w.org\/{rel}","templated":true}]}}